{"id":893,"date":"2015-02-12T10:18:51","date_gmt":"2015-02-12T10:18:51","guid":{"rendered":"http:\/\/graenaorkan.is\/?p=893"},"modified":"2015-02-12T10:18:51","modified_gmt":"2015-02-12T10:18:51","slug":"nissan-leaf-valinn-besti-smabillinn","status":"publish","type":"post","link":"https:\/\/graenaorkan.is\/?p=893","title":{"rendered":"Nissan Leaf valinn besti sm\u00e1b\u00edllinn"},"content":{"rendered":"<p>Al\u00fej\u00f3\u00f0lega greiningafyrirt\u00e6ki\u00f0 IHS hefur \u00fatnefnt Nissan Leaf besta sm\u00e1b\u00edlinn \u00e1 \u00e1rinu 2014. \u00deetta kemur fram \u00ed \u00e1rlegri sk\u00fdrslu fyrirt\u00e6kisins sem innheldur me\u00f0al annars yfirlit yfir \u00fe\u00e1 b\u00edlaframlei\u00f0endur sem tekst hva\u00f0 best a\u00f0 halda trygg\u00f0 vi\u00f0skiptavina sinna. Leaf var eini rafb\u00edllinn sem hlaut vi\u00f0urkenningu IHS fyrir \u00e1ri\u00f0 2014.<\/p>\n<p>Sj\u00e1 umfj\u00f6llum <a href=\"http:\/\/www.mbl.is\/bill\/frettir\/2015\/02\/11\/nissan_leaf_besti_smabillinn\/\">mbl.is<\/a> og <a href=\"https:\/\/www.ihs.com\/awards\/customer-recognition-awards-automotive-loyalty.html\">IHS<\/a>.<\/p>\n","protected":false},"excerpt":{"rendered":"<p>Al\u00fej\u00f3\u00f0lega greiningafyrirt\u00e6ki\u00f0 IHS hefur \u00fatnefnt Nissan Leaf besta sm\u00e1b\u00edlinn \u00e1 \u00e1rinu 2014. \u00deetta kemur fram \u00ed \u00e1rlegri sk\u00fdrslu fyrirt\u00e6kisins sem innheldur me\u00f0al annars yfirlit yfir \u00fe\u00e1 b\u00edlaframlei\u00f0endur sem tekst hva\u00f0 best a\u00f0 halda trygg\u00f0 vi\u00f0skiptavina sinna. Leaf var eini rafb\u00edllinn &hellip; <a href=\"https:\/\/graenaorkan.is\/?p=893\">Continue reading <span class=\"meta-nav\">&rarr;<\/span><\/a><\/p>\n","protected":false},"author":5,"featured_media":0,"comment_status":"open","ping_status":"open","sticky":false,"template":"","format":"standard","meta":[],"categories":[3,10],"tags":[],"_links":{"self":[{"href":"https:\/\/graenaorkan.is\/index.php?rest_route=\/wp\/v2\/posts\/893"}],"collection":[{"href":"https:\/\/graenaorkan.is\/index.php?rest_route=\/wp\/v2\/posts"}],"about":[{"href":"https:\/\/graenaorkan.is\/index.php?rest_route=\/wp\/v2\/types\/post"}],"author":[{"embeddable":true,"href":"https:\/\/graenaorkan.is\/index.php?rest_route=\/wp\/v2\/users\/5"}],"replies":[{"embeddable":true,"href":"https:\/\/graenaorkan.is\/index.php?rest_route=%2Fwp%2Fv2%2Fcomments&post=893"}],"version-history":[{"count":2,"href":"https:\/\/graenaorkan.is\/index.php?rest_route=\/wp\/v2\/posts\/893\/revisions"}],"predecessor-version":[{"id":895,"href":"https:\/\/graenaorkan.is\/index.php?rest_route=\/wp\/v2\/posts\/893\/revisions\/895"}],"wp:attachment":[{"href":"https:\/\/graenaorkan.is\/index.php?rest_route=%2Fwp%2Fv2%2Fmedia&parent=893"}],"wp:term":[{"taxonomy":"category","embeddable":true,"href":"https:\/\/graenaorkan.is\/index.php?rest_route=%2Fwp%2Fv2%2Fcategories&post=893"},{"taxonomy":"post_tag","embeddable":true,"href":"https:\/\/graenaorkan.is\/index.php?rest_route=%2Fwp%2Fv2%2Ftags&post=893"}],"curies":[{"name":"wp","href":"https:\/\/api.w.org\/{rel}","templated":true}]}}