{"id":954,"date":"2015-03-23T09:28:11","date_gmt":"2015-03-23T09:28:11","guid":{"rendered":"http:\/\/graenaorkan.is\/?p=954"},"modified":"2015-03-22T19:30:36","modified_gmt":"2015-03-22T19:30:36","slug":"fyrsta-rafmagnsferja-heims-tekin-i-notkun-i-noregi","status":"publish","type":"post","link":"https:\/\/graenaorkan.is\/?p=954","title":{"rendered":"Fyrsta rafmagnsferja heims tekin \u00ed notkun \u00ed Noregi"},"content":{"rendered":"<p>Fyrsta b\u00edlferja heims sem gengur fyrir rafmagni hefur veri\u00f0 tekin \u00ed notkun \u00ed Noregi. Ferjan, sem siglir 5,7 km lei\u00f0 \u00e1 milli Lavik og Oppedal, er sm\u00ed\u00f0u\u00f0 \u00far \u00e1li og tekur 120 f\u00f3lksb\u00edla og 350 far\u00feega. Me\u00f0 notkun ferju me\u00f0 rafm\u00f3tor \u00e1 \u00feessari siglingalei\u00f0 \u00ed sta\u00f0 v\u00e9lar sem brennir d\u00edsilol\u00edu spararast um ein millj\u00f3n l\u00edtra d\u00edsilol\u00edu \u00e1 \u00e1ri og komi\u00f0 er \u00ed veg fyrir \u00fatbl\u00e1stur 570 tonna koltv\u00eds\u00fdrings.<\/p>\n<p>Sj\u00e1 n\u00e1nar \u00ed fr\u00e9tt \u00e1 <a href=\"http:\/\/www.visir.is\/fyrsta-rafknuna-ferja-heims-siglir-i-noregi\/article\/2015150329806\">visir.is<\/a> og <a href=\"http:\/\/www.ship-technology.com\/projects\/norled-zerocat-electric-powered-ferry\/\">ship-technology.com<\/a>.<\/p>\n","protected":false},"excerpt":{"rendered":"<p>Fyrsta b\u00edlferja heims sem gengur fyrir rafmagni hefur veri\u00f0 tekin \u00ed notkun \u00ed Noregi. Ferjan, sem siglir 5,7 km lei\u00f0 \u00e1 milli Lavik og Oppedal, er sm\u00ed\u00f0u\u00f0 \u00far \u00e1li og tekur 120 f\u00f3lksb\u00edla og 350 far\u00feega. Me\u00f0 notkun ferju me\u00f0 &hellip; <a href=\"https:\/\/graenaorkan.is\/?p=954\">Continue reading <span class=\"meta-nav\">&rarr;<\/span><\/a><\/p>\n","protected":false},"author":5,"featured_media":0,"comment_status":"open","ping_status":"open","sticky":false,"template":"","format":"standard","meta":[],"categories":[10,18],"tags":[],"_links":{"self":[{"href":"https:\/\/graenaorkan.is\/index.php?rest_route=\/wp\/v2\/posts\/954"}],"collection":[{"href":"https:\/\/graenaorkan.is\/index.php?rest_route=\/wp\/v2\/posts"}],"about":[{"href":"https:\/\/graenaorkan.is\/index.php?rest_route=\/wp\/v2\/types\/post"}],"author":[{"embeddable":true,"href":"https:\/\/graenaorkan.is\/index.php?rest_route=\/wp\/v2\/users\/5"}],"replies":[{"embeddable":true,"href":"https:\/\/graenaorkan.is\/index.php?rest_route=%2Fwp%2Fv2%2Fcomments&post=954"}],"version-history":[{"count":2,"href":"https:\/\/graenaorkan.is\/index.php?rest_route=\/wp\/v2\/posts\/954\/revisions"}],"predecessor-version":[{"id":956,"href":"https:\/\/graenaorkan.is\/index.php?rest_route=\/wp\/v2\/posts\/954\/revisions\/956"}],"wp:attachment":[{"href":"https:\/\/graenaorkan.is\/index.php?rest_route=%2Fwp%2Fv2%2Fmedia&parent=954"}],"wp:term":[{"taxonomy":"category","embeddable":true,"href":"https:\/\/graenaorkan.is\/index.php?rest_route=%2Fwp%2Fv2%2Fcategories&post=954"},{"taxonomy":"post_tag","embeddable":true,"href":"https:\/\/graenaorkan.is\/index.php?rest_route=%2Fwp%2Fv2%2Ftags&post=954"}],"curies":[{"name":"wp","href":"https:\/\/api.w.org\/{rel}","templated":true}]}}