{"id":957,"date":"2015-03-24T09:39:51","date_gmt":"2015-03-24T09:39:51","guid":{"rendered":"http:\/\/graenaorkan.is\/?p=957"},"modified":"2015-03-23T15:55:24","modified_gmt":"2015-03-23T15:55:24","slug":"graenir-dagar-haskola-islands-25-27-mars","status":"publish","type":"post","link":"https:\/\/graenaorkan.is\/?p=957","title":{"rendered":"Gr\u00e6nir dagar H\u00e1sk\u00f3la \u00cdslands 25. &#8211; 27. mars"},"content":{"rendered":"<p>GAIA, f\u00e9\u00adlag meist\u00adara\u00adnema \u00ed um\u00adhverf\u00adis- og au\u00f0linda\u00adfr\u00e6\u00f0um vi\u00f0 H\u00e1\u00adsk\u00f3la \u00cdslands, stend\u00adur fyr\u00adir Gr\u00e6n\u00adum d\u00f6g\u00adum \u00ed sk\u00f3l\u00adan\u00adum dag\u00adana 25. til 27. mars n\u00e6stkomandi. \u00deema\u00f0 \u00ed \u00e1r er hafi\u00f0 og umhverfis\u00f3gnir sem a\u00f0 \u00fev\u00ed ste\u00f0ja. Me\u00f0 Gr\u00e6num d\u00f6gum er \u00e6tlunin a\u00f0 vekja athygli \u00e1 umhverfism\u00e1lum me\u00f0 \u00fdmsum vi\u00f0bru\u00f0um, svo sem fyr\u00adir\u00adlestr\u00adum, pall\u00adbor\u00f0sum\u00adr\u00e6\u00f0um, b\u00ed\u00f3\u00ads\u00fdn\u00adingum og fleira.<\/p>\n<p>Sj\u00e1 n\u00e1nar \u00e1 <a href=\"http:\/\/www.mbl.is\/frettir\/innlent\/2015\/03\/23\/graenir_dagar_i_haskola_islands\/\">mbl.is<\/a>\u00a0og <a href=\"https:\/\/www.facebook.com\/greendaysiceland\">Facebook s\u00ed\u00f0u Gr\u00e6nna daga<\/a><\/p>\n","protected":false},"excerpt":{"rendered":"<p>GAIA, f\u00e9\u00adlag meist\u00adara\u00adnema \u00ed um\u00adhverf\u00adis- og au\u00f0linda\u00adfr\u00e6\u00f0um vi\u00f0 H\u00e1\u00adsk\u00f3la \u00cdslands, stend\u00adur fyr\u00adir Gr\u00e6n\u00adum d\u00f6g\u00adum \u00ed sk\u00f3l\u00adan\u00adum dag\u00adana 25. til 27. mars n\u00e6stkomandi. \u00deema\u00f0 \u00ed \u00e1r er hafi\u00f0 og umhverfis\u00f3gnir sem a\u00f0 \u00fev\u00ed ste\u00f0ja. Me\u00f0 Gr\u00e6num d\u00f6gum er \u00e6tlunin a\u00f0 vekja &hellip; <a href=\"https:\/\/graenaorkan.is\/?p=957\">Continue reading <span class=\"meta-nav\">&rarr;<\/span><\/a><\/p>\n","protected":false},"author":5,"featured_media":0,"comment_status":"open","ping_status":"open","sticky":false,"template":"","format":"standard","meta":[],"categories":[5],"tags":[],"_links":{"self":[{"href":"https:\/\/graenaorkan.is\/index.php?rest_route=\/wp\/v2\/posts\/957"}],"collection":[{"href":"https:\/\/graenaorkan.is\/index.php?rest_route=\/wp\/v2\/posts"}],"about":[{"href":"https:\/\/graenaorkan.is\/index.php?rest_route=\/wp\/v2\/types\/post"}],"author":[{"embeddable":true,"href":"https:\/\/graenaorkan.is\/index.php?rest_route=\/wp\/v2\/users\/5"}],"replies":[{"embeddable":true,"href":"https:\/\/graenaorkan.is\/index.php?rest_route=%2Fwp%2Fv2%2Fcomments&post=957"}],"version-history":[{"count":1,"href":"https:\/\/graenaorkan.is\/index.php?rest_route=\/wp\/v2\/posts\/957\/revisions"}],"predecessor-version":[{"id":958,"href":"https:\/\/graenaorkan.is\/index.php?rest_route=\/wp\/v2\/posts\/957\/revisions\/958"}],"wp:attachment":[{"href":"https:\/\/graenaorkan.is\/index.php?rest_route=%2Fwp%2Fv2%2Fmedia&parent=957"}],"wp:term":[{"taxonomy":"category","embeddable":true,"href":"https:\/\/graenaorkan.is\/index.php?rest_route=%2Fwp%2Fv2%2Fcategories&post=957"},{"taxonomy":"post_tag","embeddable":true,"href":"https:\/\/graenaorkan.is\/index.php?rest_route=%2Fwp%2Fv2%2Ftags&post=957"}],"curies":[{"name":"wp","href":"https:\/\/api.w.org\/{rel}","templated":true}]}}