{"id":967,"date":"2015-04-01T11:00:49","date_gmt":"2015-04-01T11:00:49","guid":{"rendered":"http:\/\/graenaorkan.is\/?p=967"},"modified":"2015-04-01T11:01:47","modified_gmt":"2015-04-01T11:01:47","slug":"adalfundur-graenu-orkunnar-3","status":"publish","type":"post","link":"https:\/\/graenaorkan.is\/?p=967","title":{"rendered":"A\u00f0alfundur Gr\u00e6nu orkunnar"},"content":{"rendered":"<p>A\u00f0alfundur Gr\u00e6nu orkunnar var haldinn \u00ed Orkugar\u00f0i 24. mars s\u00ed\u00f0astli\u00f0inn.<\/p>\n<p>Stj\u00f3rnarforma\u00f0ur, Brynd\u00eds Sk\u00falad\u00f3ttir, f\u00f3r yfir <a href=\"https:\/\/graenaorkan.is\/wp-content\/uploads\/2015\/04\/sk\u00fdrsla-stj\u00f3rnar-A\u00f0alfundur-GO-2015-fin.pdf\">sk\u00fdrslu stj\u00f3rnar<\/a>\u00a0og helstu verkefni Gr\u00e6nu orkunnar fr\u00e1 s\u00ed\u00f0asta a\u00f0alfundi, sem haldinn var \u00ed n\u00f3vember 2014.<\/p>\n<p>Fram kom \u00ed m\u00e1li formanns a\u00f0 a\u00f0ger\u00f0ir Gr\u00e6nu orkunnar hef\u00f0u skila\u00f0 \u00e1rangri m.a. \u00ed auknu hlutfalli endurn\u00fdjanlegs eldsneytis \u00ed samg\u00f6ngu \u00e1 landi og aukningu \u00e1 fj\u00f6lda vistv\u00e6nna bifrei\u00f0a \u00e1 \u00cdslandi. Sj\u00e1 n\u00e1nar \u00ed sk\u00fdrslu stj\u00f3rnar og sk\u00fdrslu Gr\u00e6nu orkunnar, Orkuskipti \u00ed samg\u00f6ngum \u2013 \u00e1fangask\u00fdrsla 2015, sem ger\u00f0 ver\u00f0ur opinber \u00e1 n\u00e6stu vikum.<\/p>\n<p>Fj\u00f3rir stj\u00f3rnarmenn \u00far r\u00f6\u00f0um f\u00e9lagsmanna voru sj\u00e1lfkj\u00f6rnir \u00e1 fundinum og ver\u00f0ur stj\u00f3rn Gr\u00e6nu orkunnar eftifarandi:<\/p>\n<ul>\n<li>\u00c1sta \u00deorleifsd\u00f3ttir, innanr\u00edkisr\u00e1\u00f0uneyti<\/li>\n<li>Benedikt S. Benediktsson, fj\u00e1rm\u00e1la- og efnahagsr\u00e1\u00f0uneyti<\/li>\n<li>Berglind R\u00e1n \u00d3lafsd\u00f3ttir, Landsvirkjun<\/li>\n<li>Erla Sigr\u00ed\u00f0ur Gestsd\u00f3ttir, atvinnuvega- og n\u00fdsk\u00f6punarr\u00e1\u00f0uneyti<\/li>\n<li>Gu\u00f0mundur \u00d3lafsson, Mannviti hf.<\/li>\n<li>\u00d3lafur J\u00f3hannsson, Samt\u00f6kum i\u00f0na\u00f0arins<\/li>\n<li>Sk\u00fali K. Sk\u00falason, B\u00edlgreinasambandinu<\/li>\n<\/ul>\n<p>Umhverfisr\u00e1\u00f0uneyti mun skipa fulltr\u00faa \u00ed stj\u00f3rn \u00e1 n\u00e6stu d\u00f6gum. Gr\u00e6na orkan \u00feakkar Brynd\u00edsi Sk\u00falad\u00f3ttur, Teiti Gunnarssyni og Ingvari P\u00e9tri Gu\u00f0bj\u00f6rnssyni fyrir fars\u00e6lt samstarf.<\/p>\n<blockquote><p>&nbsp;<\/p>\n<p>&nbsp;<\/p><\/blockquote>\n","protected":false},"excerpt":{"rendered":"<p>A\u00f0alfundur Gr\u00e6nu orkunnar var haldinn \u00ed Orkugar\u00f0i 24. mars s\u00ed\u00f0astli\u00f0inn. Stj\u00f3rnarforma\u00f0ur, Brynd\u00eds Sk\u00falad\u00f3ttir, f\u00f3r yfir sk\u00fdrslu stj\u00f3rnar\u00a0og helstu verkefni Gr\u00e6nu orkunnar fr\u00e1 s\u00ed\u00f0asta a\u00f0alfundi, sem haldinn var \u00ed n\u00f3vember 2014. Fram kom \u00ed m\u00e1li formanns a\u00f0 a\u00f0ger\u00f0ir Gr\u00e6nu orkunnar hef\u00f0u &hellip; <a href=\"https:\/\/graenaorkan.is\/?p=967\">Continue reading <span class=\"meta-nav\">&rarr;<\/span><\/a><\/p>\n","protected":false},"author":5,"featured_media":0,"comment_status":"open","ping_status":"open","sticky":false,"template":"","format":"standard","meta":[],"categories":[5],"tags":[],"_links":{"self":[{"href":"https:\/\/graenaorkan.is\/index.php?rest_route=\/wp\/v2\/posts\/967"}],"collection":[{"href":"https:\/\/graenaorkan.is\/index.php?rest_route=\/wp\/v2\/posts"}],"about":[{"href":"https:\/\/graenaorkan.is\/index.php?rest_route=\/wp\/v2\/types\/post"}],"author":[{"embeddable":true,"href":"https:\/\/graenaorkan.is\/index.php?rest_route=\/wp\/v2\/users\/5"}],"replies":[{"embeddable":true,"href":"https:\/\/graenaorkan.is\/index.php?rest_route=%2Fwp%2Fv2%2Fcomments&post=967"}],"version-history":[{"count":2,"href":"https:\/\/graenaorkan.is\/index.php?rest_route=\/wp\/v2\/posts\/967\/revisions"}],"predecessor-version":[{"id":972,"href":"https:\/\/graenaorkan.is\/index.php?rest_route=\/wp\/v2\/posts\/967\/revisions\/972"}],"wp:attachment":[{"href":"https:\/\/graenaorkan.is\/index.php?rest_route=%2Fwp%2Fv2%2Fmedia&parent=967"}],"wp:term":[{"taxonomy":"category","embeddable":true,"href":"https:\/\/graenaorkan.is\/index.php?rest_route=%2Fwp%2Fv2%2Fcategories&post=967"},{"taxonomy":"post_tag","embeddable":true,"href":"https:\/\/graenaorkan.is\/index.php?rest_route=%2Fwp%2Fv2%2Ftags&post=967"}],"curies":[{"name":"wp","href":"https:\/\/api.w.org\/{rel}","templated":true}]}}