{"id":975,"date":"2015-04-07T12:01:35","date_gmt":"2015-04-07T12:01:35","guid":{"rendered":"http:\/\/graenaorkan.is\/?p=975"},"modified":"2015-04-30T13:26:15","modified_gmt":"2015-04-30T13:26:15","slug":"sjalfbaerni-og-sjalfakandi-bilar-hja-daimler","status":"publish","type":"post","link":"https:\/\/graenaorkan.is\/?p=975","title":{"rendered":"Sj\u00e1lfb\u00e6rni og sj\u00e1lfakandi b\u00edlar hj\u00e1 Daimler"},"content":{"rendered":"<p>\u00cd sj\u00e1lfb\u00e6rnisk\u00fdrslu Daimler fyrir \u00e1ri\u00f0 2014 kemur fram a\u00f0 \u00fe\u00f3tt framlei\u00f0sla fyrirt\u00e6kisins hafi aukist um 5% milli \u00e1ra, hafi \u00fatbl\u00e1stur koltv\u00eds\u00fdrings dregist saman um 2,5%. Daimler b\u00fd\u00f0ur \u00ed dag upp \u00e1 tvo tvinnb\u00edla, S500 og C350, og stefnir a\u00f0 \u00fev\u00ed a\u00f0 kynna til s\u00f6gunnar t\u00edu n\u00fdjar ger\u00f0ir\u00a0umhverfisv\u00e6nna b\u00edla\u00a0\u00e1ri\u00f0 2017.<\/p>\n<p>Daimler hefur einnig unna\u00f0 a\u00f0 pr\u00f3funum og\u00a0 \u00fer\u00f3un sj\u00e1lfakandi bifrei\u00f0a, sj\u00e1lfrennirei\u00f0a. \u00dea\u00f0 eru hins vegar margir \u00fe\u00e6ttir sem taka \u00fearf tillit til, lagalegir og si\u00f0fer\u00f0ileigr, \u00e1\u00f0ur en sl\u00edk t\u00e6kni ver\u00f0ur leyf\u00f0 \u00ed almennri umfer\u00f0. &#8220;Hvernig \u00e1 sj\u00e1lfrennirei\u00f0 til a\u00f0 mynda a\u00f0 breg\u00f0ast vi\u00f0 yfirvofandi \u00e1rekstri? Hver ber \u00e1byrg\u00f0 vi\u00f0 \u00feessar a\u00f0st\u00e6\u00f0ur og hvernig skal tryggingum haga\u00f0? \u00deetta eru spurningar sem mikilv\u00e6gt er a\u00f0 r\u00e6\u00f0a og svara.&#8221; segir Dr. Christine Hohmenn-Dennhardt, stj\u00f3rnarma\u00f0ur Daimler AG.<\/p>\n<p>Sj\u00e1 umfj\u00f6llun Daimler <a href=\"http:\/\/media.daimler.com\/deeplink?cci=2620766\">h\u00e9r<\/a> og sj\u00e1lfb\u00e6rnisk\u00fdrslu fyrirt\u00e6kisins <a href=\"http:\/\/media.daimler.com\/deeplink?cci=2620766\" target=\"_blank\">h\u00e9r<\/a>.<\/p>\n","protected":false},"excerpt":{"rendered":"<p>\u00cd sj\u00e1lfb\u00e6rnisk\u00fdrslu Daimler fyrir \u00e1ri\u00f0 2014 kemur fram a\u00f0 \u00fe\u00f3tt framlei\u00f0sla fyrirt\u00e6kisins hafi aukist um 5% milli \u00e1ra, hafi \u00fatbl\u00e1stur koltv\u00eds\u00fdrings dregist saman um 2,5%. Daimler b\u00fd\u00f0ur \u00ed dag upp \u00e1 tvo tvinnb\u00edla, S500 og C350, og stefnir a\u00f0 \u00fev\u00ed &hellip; <a href=\"https:\/\/graenaorkan.is\/?p=975\">Continue reading <span class=\"meta-nav\">&rarr;<\/span><\/a><\/p>\n","protected":false},"author":5,"featured_media":0,"comment_status":"open","ping_status":"open","sticky":false,"template":"","format":"standard","meta":[],"categories":[3,18],"tags":[],"_links":{"self":[{"href":"https:\/\/graenaorkan.is\/index.php?rest_route=\/wp\/v2\/posts\/975"}],"collection":[{"href":"https:\/\/graenaorkan.is\/index.php?rest_route=\/wp\/v2\/posts"}],"about":[{"href":"https:\/\/graenaorkan.is\/index.php?rest_route=\/wp\/v2\/types\/post"}],"author":[{"embeddable":true,"href":"https:\/\/graenaorkan.is\/index.php?rest_route=\/wp\/v2\/users\/5"}],"replies":[{"embeddable":true,"href":"https:\/\/graenaorkan.is\/index.php?rest_route=%2Fwp%2Fv2%2Fcomments&post=975"}],"version-history":[{"count":5,"href":"https:\/\/graenaorkan.is\/index.php?rest_route=\/wp\/v2\/posts\/975\/revisions"}],"predecessor-version":[{"id":978,"href":"https:\/\/graenaorkan.is\/index.php?rest_route=\/wp\/v2\/posts\/975\/revisions\/978"}],"wp:attachment":[{"href":"https:\/\/graenaorkan.is\/index.php?rest_route=%2Fwp%2Fv2%2Fmedia&parent=975"}],"wp:term":[{"taxonomy":"category","embeddable":true,"href":"https:\/\/graenaorkan.is\/index.php?rest_route=%2Fwp%2Fv2%2Fcategories&post=975"},{"taxonomy":"post_tag","embeddable":true,"href":"https:\/\/graenaorkan.is\/index.php?rest_route=%2Fwp%2Fv2%2Ftags&post=975"}],"curies":[{"name":"wp","href":"https:\/\/api.w.org\/{rel}","templated":true}]}}