{"id":983,"date":"2015-04-08T09:53:17","date_gmt":"2015-04-08T09:53:17","guid":{"rendered":"http:\/\/graenaorkan.is\/?p=983"},"modified":"2015-04-08T09:53:17","modified_gmt":"2015-04-08T09:53:17","slug":"rafbill-soluhaesta-bilgerdin-hja-bl-i-mars","status":"publish","type":"post","link":"https:\/\/graenaorkan.is\/?p=983","title":{"rendered":"Rafb\u00edll s\u00f6luh\u00e6sta b\u00edlger\u00f0in hj\u00e1 BL \u00ed mars"},"content":{"rendered":"<p>\u00cd n\u00fdli\u00f0num marsm\u00e1nu\u00f0i var Nissan var s\u00f6luh\u00e6sta einstaka merki hj\u00e1 BL og Nissan Leaf mest selda einstaka b\u00edlger\u00f0in, en 25 eint\u00f6k seldust \u00ed m\u00e1nu\u00f0inum. Sk\u00fali K. Sk\u00falason, framkv\u00e6mdastj\u00f3ri s\u00f6lusvi\u00f0s BL, segir vins\u00e6ldir Leaf aukast \u00ed \u00f6llum markh\u00f3pum, hj\u00e1 fj\u00f6lskyldum, fyrirt\u00e6kjum og b\u00edlaleigum en \u00feetta s\u00e9 \u00ed fyrsta sinn sem rafb\u00edll s\u00e9 mest selda einstaka b\u00edlger\u00f0in hj\u00e1 BL.<\/p>\n<p>Sj\u00e1 n\u00e1nar \u00ed fr\u00e9tt\u00a0<a href=\"http:\/\/www.mbl.is\/bill\/frettir\/2015\/04\/07\/rafbill_soluhaesta_einstaka_gerdin\/\">mbl.is<\/a>.<\/p>\n","protected":false},"excerpt":{"rendered":"<p>\u00cd n\u00fdli\u00f0num marsm\u00e1nu\u00f0i var Nissan var s\u00f6luh\u00e6sta einstaka merki hj\u00e1 BL og Nissan Leaf mest selda einstaka b\u00edlger\u00f0in, en 25 eint\u00f6k seldust \u00ed m\u00e1nu\u00f0inum. Sk\u00fali K. Sk\u00falason, framkv\u00e6mdastj\u00f3ri s\u00f6lusvi\u00f0s BL, segir vins\u00e6ldir Leaf aukast \u00ed \u00f6llum markh\u00f3pum, hj\u00e1 fj\u00f6lskyldum, fyrirt\u00e6kjum &hellip; <a href=\"https:\/\/graenaorkan.is\/?p=983\">Continue reading <span class=\"meta-nav\">&rarr;<\/span><\/a><\/p>\n","protected":false},"author":5,"featured_media":0,"comment_status":"open","ping_status":"open","sticky":false,"template":"","format":"standard","meta":[],"categories":[3,10],"tags":[],"_links":{"self":[{"href":"https:\/\/graenaorkan.is\/index.php?rest_route=\/wp\/v2\/posts\/983"}],"collection":[{"href":"https:\/\/graenaorkan.is\/index.php?rest_route=\/wp\/v2\/posts"}],"about":[{"href":"https:\/\/graenaorkan.is\/index.php?rest_route=\/wp\/v2\/types\/post"}],"author":[{"embeddable":true,"href":"https:\/\/graenaorkan.is\/index.php?rest_route=\/wp\/v2\/users\/5"}],"replies":[{"embeddable":true,"href":"https:\/\/graenaorkan.is\/index.php?rest_route=%2Fwp%2Fv2%2Fcomments&post=983"}],"version-history":[{"count":1,"href":"https:\/\/graenaorkan.is\/index.php?rest_route=\/wp\/v2\/posts\/983\/revisions"}],"predecessor-version":[{"id":984,"href":"https:\/\/graenaorkan.is\/index.php?rest_route=\/wp\/v2\/posts\/983\/revisions\/984"}],"wp:attachment":[{"href":"https:\/\/graenaorkan.is\/index.php?rest_route=%2Fwp%2Fv2%2Fmedia&parent=983"}],"wp:term":[{"taxonomy":"category","embeddable":true,"href":"https:\/\/graenaorkan.is\/index.php?rest_route=%2Fwp%2Fv2%2Fcategories&post=983"},{"taxonomy":"post_tag","embeddable":true,"href":"https:\/\/graenaorkan.is\/index.php?rest_route=%2Fwp%2Fv2%2Ftags&post=983"}],"curies":[{"name":"wp","href":"https:\/\/api.w.org\/{rel}","templated":true}]}}