{"id":985,"date":"2015-04-09T12:43:20","date_gmt":"2015-04-09T12:43:20","guid":{"rendered":"http:\/\/graenaorkan.is\/?p=985"},"modified":"2015-04-09T12:43:20","modified_gmt":"2015-04-09T12:43:20","slug":"vw-vedjar-a-tvinntaeknina-i-bili","status":"publish","type":"post","link":"https:\/\/graenaorkan.is\/?p=985","title":{"rendered":"VW ve\u00f0jar \u00e1 tvinnt\u00e6knina, \u00ed bili"},"content":{"rendered":"<p>Volkswagen \u00e6tlar a\u00f0 helga sig tvinnb\u00edlum \u00e1 n\u00e6stu \u00e1rum \u00ed sta\u00f0 hreinna rafb\u00edla. \u00deetta kemur fram \u00ed m\u00e1li Martins Winterkorn, forstj\u00f3ra VW, en fyrirt\u00e6ki\u00f0 telur \u00feetta skynsamlega stefnu, \u00fear til orkumeiri rafgeymar ver\u00f0a a\u00f0 raunveruleika. Rafgeymar fyrir rafb\u00edla s\u00e9u enn of \u00feungir, of d\u00fdrir og hafi litla geymslugetu til \u00feess a\u00f0 vera samkeppnisf\u00e6rir vi\u00f0 b\u00edla sem ganga fyrir jar\u00f0efnaeldsneyti. Winterkorn telur tvinnb\u00edla munu gegna mikilv\u00e6gu hlutverki \u00ed \u00fev\u00ed a\u00f0 n\u00e1 markmi\u00f0um um samdr\u00e1tt \u00ed \u00fatbl\u00e6stri gr\u00f3\u00f0urh\u00fasalofttegunda en fyrirt\u00e6ki\u00f0 muni \u00e1fram verja f\u00e9 til fj\u00e1rfestinga \u00e1 svi\u00f0i rafb\u00edlasm\u00ed\u00f0i.<\/p>\n<p>Sj\u00e1 fr\u00e9tt <a href=\"http:\/\/www.mbl.is\/bill\/frettir\/2015\/04\/08\/volkswagen_helgar_sig_tvinntaekninni\/\">mbl.is<\/a>.<\/p>\n","protected":false},"excerpt":{"rendered":"<p>Volkswagen \u00e6tlar a\u00f0 helga sig tvinnb\u00edlum \u00e1 n\u00e6stu \u00e1rum \u00ed sta\u00f0 hreinna rafb\u00edla. \u00deetta kemur fram \u00ed m\u00e1li Martins Winterkorn, forstj\u00f3ra VW, en fyrirt\u00e6ki\u00f0 telur \u00feetta skynsamlega stefnu, \u00fear til orkumeiri rafgeymar ver\u00f0a a\u00f0 raunveruleika. Rafgeymar fyrir rafb\u00edla s\u00e9u enn &hellip; <a href=\"https:\/\/graenaorkan.is\/?p=985\">Continue reading <span class=\"meta-nav\">&rarr;<\/span><\/a><\/p>\n","protected":false},"author":5,"featured_media":0,"comment_status":"open","ping_status":"open","sticky":false,"template":"","format":"standard","meta":[],"categories":[3],"tags":[],"_links":{"self":[{"href":"https:\/\/graenaorkan.is\/index.php?rest_route=\/wp\/v2\/posts\/985"}],"collection":[{"href":"https:\/\/graenaorkan.is\/index.php?rest_route=\/wp\/v2\/posts"}],"about":[{"href":"https:\/\/graenaorkan.is\/index.php?rest_route=\/wp\/v2\/types\/post"}],"author":[{"embeddable":true,"href":"https:\/\/graenaorkan.is\/index.php?rest_route=\/wp\/v2\/users\/5"}],"replies":[{"embeddable":true,"href":"https:\/\/graenaorkan.is\/index.php?rest_route=%2Fwp%2Fv2%2Fcomments&post=985"}],"version-history":[{"count":1,"href":"https:\/\/graenaorkan.is\/index.php?rest_route=\/wp\/v2\/posts\/985\/revisions"}],"predecessor-version":[{"id":986,"href":"https:\/\/graenaorkan.is\/index.php?rest_route=\/wp\/v2\/posts\/985\/revisions\/986"}],"wp:attachment":[{"href":"https:\/\/graenaorkan.is\/index.php?rest_route=%2Fwp%2Fv2%2Fmedia&parent=985"}],"wp:term":[{"taxonomy":"category","embeddable":true,"href":"https:\/\/graenaorkan.is\/index.php?rest_route=%2Fwp%2Fv2%2Fcategories&post=985"},{"taxonomy":"post_tag","embeddable":true,"href":"https:\/\/graenaorkan.is\/index.php?rest_route=%2Fwp%2Fv2%2Ftags&post=985"}],"curies":[{"name":"wp","href":"https:\/\/api.w.org\/{rel}","templated":true}]}}