{"id":989,"date":"2015-04-14T13:26:46","date_gmt":"2015-04-14T13:26:46","guid":{"rendered":"http:\/\/graenaorkan.is\/?p=989"},"modified":"2015-04-14T13:26:46","modified_gmt":"2015-04-14T13:26:46","slug":"mikill-arangur-hefur-nadst-i-orkuskiptum-i-samgongum-a-islandi","status":"publish","type":"post","link":"https:\/\/graenaorkan.is\/?p=989","title":{"rendered":"Mikill \u00e1rangur hefur n\u00e1\u00f0st \u00ed orkuskiptum \u00ed samg\u00f6ngum \u00e1 \u00cdslandi"},"content":{"rendered":"<p>Gr\u00e6na orkan hefur \u00ed samvinnu vi\u00f0 stj\u00f3rnv\u00f6ld unni\u00f0 a\u00f0 framgangi orkuskipta \u00e1 \u00cdslandi \u00ed samr\u00e6mi vi\u00f0 sk\u00fdrslu og a\u00f0ger\u00f0a\u00e1\u00e6tlun sem l\u00f6g\u00f0 var fram \u00e1 Al\u00feingi \u00ed lok \u00e1rs 2011 \u201eOrkuskipti \u00ed samg\u00f6ngum\u201c. Gr\u00e6na orkan hefur komi\u00f0 me\u00f0 beinum h\u00e6tti a\u00f0 \u00fdmsum breytingum sem hafa veri\u00f0 hvati til orkuskipta. Helstu a\u00f0ger\u00f0irnar eru annars vegar skattalegar \u00edvilnanir fyrir rafmagns- e\u00f0a tengiltvinnbifrei\u00f0ar sem settar voru me\u00f0 br\u00e1\u00f0abirg\u00f0a\u00e1kv\u00e6\u00f0i \u00ed l\u00f6gum nr. 62\/2012 og hins vegar setning s\u00f6luskyldu fyrir endurn\u00fdjanlegt eldsneyti me\u00f0 l\u00f6gum nr. 40\/2013.<\/p>\n<p>Ragnhei\u00f0ur El\u00edn \u00c1rnad\u00f3ttir, i\u00f0na\u00f0ar- og vi\u00f0skiptar\u00e1\u00f0herra kynnti \u00ed dag n\u00fdja sk\u00fdrslu um \u00fer\u00f3un orkuskipta \u00ed samg\u00f6ngum \u00e1 r\u00edkisstj\u00f3rnarfundi. Sk\u00fdrslan er unnin af atvinnuvega- og n\u00fdsk\u00f6punarr\u00e1\u00f0uneytinu, Orkustofnun og Gr\u00e6nu orkunni. \u00dear kemur me\u00f0al annars fram a\u00f0 undanfarin fj\u00f6gur \u00e1r hefur hlutfall endurn\u00fdjanlegs eldsneytis til samgangna t\u00edfaldast.<\/p>\n<p>Stefnt er a\u00f0 \u00fev\u00ed a\u00f0 sk\u00fdrslan ver\u00f0i l\u00f6g\u00f0 fyrir Al\u00feingi n\u00fa \u00e1 vor\u00feingi til kynningar og umfj\u00f6llunar.<\/p>\n<p>Sj\u00e1 n\u00e1nar \u00ed <a href=\"http:\/\/www.atvinnuvegaraduneyti.is\/idnadar-og-vidskiptamal\/frettir\/nr\/8576\">fr\u00e9ttatilkynningu<\/a> \u00e1 vef atvinnuvega- og n\u00fdsk\u00f6punarr\u00e1\u00f0uneytis.<\/p>\n<p>&nbsp;<\/p>\n","protected":false},"excerpt":{"rendered":"<p>Gr\u00e6na orkan hefur \u00ed samvinnu vi\u00f0 stj\u00f3rnv\u00f6ld unni\u00f0 a\u00f0 framgangi orkuskipta \u00e1 \u00cdslandi \u00ed samr\u00e6mi vi\u00f0 sk\u00fdrslu og a\u00f0ger\u00f0a\u00e1\u00e6tlun sem l\u00f6g\u00f0 var fram \u00e1 Al\u00feingi \u00ed lok \u00e1rs 2011 \u201eOrkuskipti \u00ed samg\u00f6ngum\u201c. Gr\u00e6na orkan hefur komi\u00f0 me\u00f0 beinum h\u00e6tti a\u00f0 &hellip; <a href=\"https:\/\/graenaorkan.is\/?p=989\">Continue reading <span class=\"meta-nav\">&rarr;<\/span><\/a><\/p>\n","protected":false},"author":5,"featured_media":0,"comment_status":"open","ping_status":"open","sticky":false,"template":"","format":"standard","meta":[],"categories":[17,4,18],"tags":[],"_links":{"self":[{"href":"https:\/\/graenaorkan.is\/index.php?rest_route=\/wp\/v2\/posts\/989"}],"collection":[{"href":"https:\/\/graenaorkan.is\/index.php?rest_route=\/wp\/v2\/posts"}],"about":[{"href":"https:\/\/graenaorkan.is\/index.php?rest_route=\/wp\/v2\/types\/post"}],"author":[{"embeddable":true,"href":"https:\/\/graenaorkan.is\/index.php?rest_route=\/wp\/v2\/users\/5"}],"replies":[{"embeddable":true,"href":"https:\/\/graenaorkan.is\/index.php?rest_route=%2Fwp%2Fv2%2Fcomments&post=989"}],"version-history":[{"count":1,"href":"https:\/\/graenaorkan.is\/index.php?rest_route=\/wp\/v2\/posts\/989\/revisions"}],"predecessor-version":[{"id":990,"href":"https:\/\/graenaorkan.is\/index.php?rest_route=\/wp\/v2\/posts\/989\/revisions\/990"}],"wp:attachment":[{"href":"https:\/\/graenaorkan.is\/index.php?rest_route=%2Fwp%2Fv2%2Fmedia&parent=989"}],"wp:term":[{"taxonomy":"category","embeddable":true,"href":"https:\/\/graenaorkan.is\/index.php?rest_route=%2Fwp%2Fv2%2Fcategories&post=989"},{"taxonomy":"post_tag","embeddable":true,"href":"https:\/\/graenaorkan.is\/index.php?rest_route=%2Fwp%2Fv2%2Ftags&post=989"}],"curies":[{"name":"wp","href":"https:\/\/api.w.org\/{rel}","templated":true}]}}