{"id":992,"date":"2015-04-20T14:39:52","date_gmt":"2015-04-20T14:39:52","guid":{"rendered":"http:\/\/graenaorkan.is\/?p=992"},"modified":"2015-04-20T14:40:12","modified_gmt":"2015-04-20T14:40:12","slug":"2-6-samdrattur-i-mengun-nyrra-bila-arid-2014","status":"publish","type":"post","link":"https:\/\/graenaorkan.is\/?p=992","title":{"rendered":"2.6% samdr\u00e1ttur \u00ed mengun n\u00fdrra b\u00edla \u00e1ri\u00f0 2014"},"content":{"rendered":"<p>N\u00fdir b\u00edlar seldir \u00ed Evr\u00f3pu \u00e1ri\u00f0 2014 g\u00e1fu fr\u00e1 s\u00e9r a\u00f0 me\u00f0altali 123,4 g CO2 \u00e1 hvern ekinn k\u00edl\u00f3meter en \u00e1ri\u00f0 \u00e1\u00f0ur var me\u00f0altali\u00f0 126,7 g CO2\/km. Langt\u00edmamarkmi\u00f0 Evr\u00f3pusambandsins um mengun bifrei\u00f0a er fyrir \u00e1ri\u00f0 2015 130 g CO2\/km og 95 g CO2\/km fyrir \u00e1ri\u00f0 2021. B\u00edlaframlei\u00f0endur hafa n\u00e1\u00f0 \u00f6llum settum markmi\u00f0um yfirvalda fram til \u00feessa og \u00fev\u00ed engin \u00e1st\u00e6\u00f0a til \u00e6tla anna\u00f0 en a\u00f0 \u00e1fram ver\u00f0i stigin skref til l\u00e6kkunar \u00fatbl\u00e1sturs fr\u00e1 bifrei\u00f0um.<\/p>\n<p>Sj\u00e1 fr\u00e9tt \u00e1 <a href=\"http:\/\/www.visir.is\/mengun-nyrra-bila-minnkadi-um-2,6-prosent-i-fyrra\/article\/2015150419262\">visir.is<\/a>.<\/p>\n","protected":false},"excerpt":{"rendered":"<p>N\u00fdir b\u00edlar seldir \u00ed Evr\u00f3pu \u00e1ri\u00f0 2014 g\u00e1fu fr\u00e1 s\u00e9r a\u00f0 me\u00f0altali 123,4 g CO2 \u00e1 hvern ekinn k\u00edl\u00f3meter en \u00e1ri\u00f0 \u00e1\u00f0ur var me\u00f0altali\u00f0 126,7 g CO2\/km. Langt\u00edmamarkmi\u00f0 Evr\u00f3pusambandsins um mengun bifrei\u00f0a er fyrir \u00e1ri\u00f0 2015 130 g CO2\/km og &hellip; <a href=\"https:\/\/graenaorkan.is\/?p=992\">Continue reading <span class=\"meta-nav\">&rarr;<\/span><\/a><\/p>\n","protected":false},"author":5,"featured_media":0,"comment_status":"open","ping_status":"open","sticky":false,"template":"","format":"standard","meta":[],"categories":[3],"tags":[],"_links":{"self":[{"href":"https:\/\/graenaorkan.is\/index.php?rest_route=\/wp\/v2\/posts\/992"}],"collection":[{"href":"https:\/\/graenaorkan.is\/index.php?rest_route=\/wp\/v2\/posts"}],"about":[{"href":"https:\/\/graenaorkan.is\/index.php?rest_route=\/wp\/v2\/types\/post"}],"author":[{"embeddable":true,"href":"https:\/\/graenaorkan.is\/index.php?rest_route=\/wp\/v2\/users\/5"}],"replies":[{"embeddable":true,"href":"https:\/\/graenaorkan.is\/index.php?rest_route=%2Fwp%2Fv2%2Fcomments&post=992"}],"version-history":[{"count":2,"href":"https:\/\/graenaorkan.is\/index.php?rest_route=\/wp\/v2\/posts\/992\/revisions"}],"predecessor-version":[{"id":994,"href":"https:\/\/graenaorkan.is\/index.php?rest_route=\/wp\/v2\/posts\/992\/revisions\/994"}],"wp:attachment":[{"href":"https:\/\/graenaorkan.is\/index.php?rest_route=%2Fwp%2Fv2%2Fmedia&parent=992"}],"wp:term":[{"taxonomy":"category","embeddable":true,"href":"https:\/\/graenaorkan.is\/index.php?rest_route=%2Fwp%2Fv2%2Fcategories&post=992"},{"taxonomy":"post_tag","embeddable":true,"href":"https:\/\/graenaorkan.is\/index.php?rest_route=%2Fwp%2Fv2%2Ftags&post=992"}],"curies":[{"name":"wp","href":"https:\/\/api.w.org\/{rel}","templated":true}]}}