{"id":995,"date":"2015-04-22T11:19:29","date_gmt":"2015-04-22T11:19:29","guid":{"rendered":"http:\/\/graenaorkan.is\/?p=995"},"modified":"2015-04-22T11:21:19","modified_gmt":"2015-04-22T11:21:19","slug":"auknar-ivilnanir-fyrir-vistvaena-bila-i-oregon-fyrirhugadar","status":"publish","type":"post","link":"https:\/\/graenaorkan.is\/?p=995","title":{"rendered":"Auknar \u00edvilnanir fyrir vistv\u00e6na b\u00edla \u00ed Oregon fyrirhuga\u00f0ar"},"content":{"rendered":"<p>Yfirv\u00f6ld \u00ed Oregon fylki \u00ed Bandar\u00edkjum Nor\u00f0ur Amer\u00edku hafa s\u00ed\u00f0astli\u00f0in \u00e1r unni\u00f0 \u00f6tullega a\u00f0 \u00fev\u00ed a\u00f0 byggja upp <a href=\"http:\/\/www.oregon.gov\/ODOT\/HWY\/OIPP\/docs\/ElectricHwyMapREV_4-15.pdf\">kerfi raf- og hra\u00f0hle\u00f0slust\u00f6\u00f0va<\/a> me\u00f0fram helstu hra\u00f0brautum. N\u00fa er til umr\u00e6\u00f0u frumvarp sem by\u00f0i \u00feeim, sem leigja e\u00f0a kaupa hreinan rafb\u00edl, tengiltvinnb\u00edl e\u00f0a vetnisb\u00edl, \u00edvilnun \u00ed formi ni\u00f0urgrei\u00f0slu vi\u00f0 ger\u00f0 kaup- e\u00f0a leigusamnings. Upph\u00e6\u00f0 eingrei\u00f0slunnar n\u00e6mi $1500 fyrir \u00fe\u00e1 sem kaupa e\u00f0a leigja tengiltvinnb\u00edl e\u00f0a tvinnb\u00edl, $3000 til \u00feeirra sem veldu rafb\u00edl e\u00f0a vetnisb\u00edl og $1000 til rafhj\u00f3lakaupenda og &#8211; leigjenda. Gildist\u00edmi \u00edvilnananna n\u00e6\u00f0i til 1. jan\u00faar 2022.<\/p>\n<p>\u00de\u00f3 nokkur fylki Bandar\u00edkjanna veita \u00fdmsa efnahagslega hvata til kaupa \u00e1 bifrei\u00f0um sem ganga fyrir vistv\u00e6num orkugj\u00f6fum. Oregon hefur \u00fe\u00f3 veri\u00f0 \u00ed fararbroddi hva\u00f0 var\u00f0ar innlei\u00f0ingu rafb\u00edla og uppbyggingu innvi\u00f0a, eins og s\u00e9st \u00e1 myndinni h\u00e9r fyrir ne\u00f0an.<\/p>\n<p>N\u00e1nar um fr\u00e9ttina <a href=\"http:\/\/www.greencarreports.com\/news\/1097921_electric-car-incentive-considered-in-oregon-3000-cash-on-the-hood\">h\u00e9r<\/a>.<\/p>\n<p><a href=\"http:\/\/images.thecarconnection.com\/lrg\/dc-fast-charging-stations-in-oregon-and-washington-states-january-2015-map-plugshare-com_100496323_l.jpg\"><img decoding=\"async\" loading=\"lazy\" class=\"size-medium wp-image-996 alignnone\" title=\"dc-fast-charging-stations-in-oregon-and-washington-states-january-2015-map-plugshare-com_100496323_m\" src=\"https:\/\/graenaorkan.is\/wp-content\/uploads\/2015\/04\/dc-fast-charging-stations-in-oregon-and-washington-states-january-2015-map-plugshare-com_100496323_m-300x200.jpg\" alt=\"\" width=\"300\" height=\"200\" srcset=\"https:\/\/graenaorkan.is\/wp-content\/uploads\/2015\/04\/dc-fast-charging-stations-in-oregon-and-washington-states-january-2015-map-plugshare-com_100496323_m-300x200.jpg 300w, https:\/\/graenaorkan.is\/wp-content\/uploads\/2015\/04\/dc-fast-charging-stations-in-oregon-and-washington-states-january-2015-map-plugshare-com_100496323_m-299x200.jpg 299w, https:\/\/graenaorkan.is\/wp-content\/uploads\/2015\/04\/dc-fast-charging-stations-in-oregon-and-washington-states-january-2015-map-plugshare-com_100496323_m.jpg 640w\" sizes=\"(max-width: 300px) 100vw, 300px\" \/><\/a><\/p>\n","protected":false},"excerpt":{"rendered":"<p>Yfirv\u00f6ld \u00ed Oregon fylki \u00ed Bandar\u00edkjum Nor\u00f0ur Amer\u00edku hafa s\u00ed\u00f0astli\u00f0in \u00e1r unni\u00f0 \u00f6tullega a\u00f0 \u00fev\u00ed a\u00f0 byggja upp kerfi raf- og hra\u00f0hle\u00f0slust\u00f6\u00f0va me\u00f0fram helstu hra\u00f0brautum. N\u00fa er til umr\u00e6\u00f0u frumvarp sem by\u00f0i \u00feeim, sem leigja e\u00f0a kaupa hreinan rafb\u00edl, tengiltvinnb\u00edl &hellip; <a href=\"https:\/\/graenaorkan.is\/?p=995\">Continue reading <span class=\"meta-nav\">&rarr;<\/span><\/a><\/p>\n","protected":false},"author":5,"featured_media":0,"comment_status":"open","ping_status":"open","sticky":false,"template":"","format":"standard","meta":[],"categories":[3,20,18],"tags":[],"_links":{"self":[{"href":"https:\/\/graenaorkan.is\/index.php?rest_route=\/wp\/v2\/posts\/995"}],"collection":[{"href":"https:\/\/graenaorkan.is\/index.php?rest_route=\/wp\/v2\/posts"}],"about":[{"href":"https:\/\/graenaorkan.is\/index.php?rest_route=\/wp\/v2\/types\/post"}],"author":[{"embeddable":true,"href":"https:\/\/graenaorkan.is\/index.php?rest_route=\/wp\/v2\/users\/5"}],"replies":[{"embeddable":true,"href":"https:\/\/graenaorkan.is\/index.php?rest_route=%2Fwp%2Fv2%2Fcomments&post=995"}],"version-history":[{"count":3,"href":"https:\/\/graenaorkan.is\/index.php?rest_route=\/wp\/v2\/posts\/995\/revisions"}],"predecessor-version":[{"id":999,"href":"https:\/\/graenaorkan.is\/index.php?rest_route=\/wp\/v2\/posts\/995\/revisions\/999"}],"wp:attachment":[{"href":"https:\/\/graenaorkan.is\/index.php?rest_route=%2Fwp%2Fv2%2Fmedia&parent=995"}],"wp:term":[{"taxonomy":"category","embeddable":true,"href":"https:\/\/graenaorkan.is\/index.php?rest_route=%2Fwp%2Fv2%2Fcategories&post=995"},{"taxonomy":"post_tag","embeddable":true,"href":"https:\/\/graenaorkan.is\/index.php?rest_route=%2Fwp%2Fv2%2Ftags&post=995"}],"curies":[{"name":"wp","href":"https:\/\/api.w.org\/{rel}","templated":true}]}}